{"id":13778,"date":"2022-06-23T08:09:31","date_gmt":"2022-06-23T08:09:31","guid":{"rendered":"https:\/\/www.galletaspolen.com\/?p=13778"},"modified":"2022-06-23T08:09:31","modified_gmt":"2022-06-23T08:09:31","slug":"end-of-the-school-year","status":"publish","type":"post","link":"https:\/\/www.galletaspolen.com\/en\/fin-de-curso\/","title":{"rendered":"End of term, how to organise the summer without classes?"},"content":{"rendered":"<p>Ha llegado el momento, el <strong>End of the school year<\/strong> es el pistoletazo de salida al verano, colegios y universidades paran las clases hasta septiembre y los m\u00e1s j\u00f3venes se preparan para disfrutar de las ansiadas vacaciones.<\/p>\n<p>En este momento en cada familia hay una mezcla entre <strong>felicidad y preocupaci\u00f3n para planificar un verano<\/strong> en el que los m\u00e1s peques de la casa dejan de ir a clase y hay que crear nuevas rutinas durante los pr\u00f3ximos meses.<\/p>\n<p>\u00bfC\u00f3mo nos organizamos? \u00bfVamos poco a poco? \u00bfOcupamos todas sus horas en actividades? Es un momento en el que <strong>el colegio y la universidad<\/strong> ocupaban muchas de las horas en las que estamos trabajando, y ahora las tenemos que cubrir de alguna manera.<\/p>\n<h2 style=\"text-align: center;\"><span style=\"color: #ff9900;\">Fin de curso y comienzo del verano<\/span><\/h2>\n<p><img decoding=\"async\" class=\"wd-lazy-fade aligncenter wp-image-13780 size-full\" src=\"https:\/\/www.galletaspolen.com\/wp-content\/themes\/woodmart\/images\/lazy.svg\" data-src=\"https:\/\/www.galletaspolen.com\/wp-content\/uploads\/2022\/06\/comienzo-del-verano.jpg\" alt=\"comienzo del verano\" width=\"1920\" height=\"1720\" srcset=\"\" data-srcset=\"https:\/\/www.galletaspolen.com\/wp-content\/uploads\/2022\/06\/comienzo-del-verano.jpg 1920w, https:\/\/www.galletaspolen.com\/wp-content\/uploads\/2022\/06\/comienzo-del-verano-300x269.jpg 300w, https:\/\/www.galletaspolen.com\/wp-content\/uploads\/2022\/06\/comienzo-del-verano-150x134.jpg 150w, https:\/\/www.galletaspolen.com\/wp-content\/uploads\/2022\/06\/comienzo-del-verano-600x538.jpg 600w, https:\/\/www.galletaspolen.com\/wp-content\/uploads\/2022\/06\/comienzo-del-verano-391x350.jpg 391w, https:\/\/www.galletaspolen.com\/wp-content\/uploads\/2022\/06\/comienzo-del-verano-768x688.jpg 768w, https:\/\/www.galletaspolen.com\/wp-content\/uploads\/2022\/06\/comienzo-del-verano-1536x1376.jpg 1536w\" sizes=\"(max-width: 1920px) 100vw, 1920px\" \/><\/p>\n<p>Primero vamos a <strong>reestructurar el hogar<\/strong>, la falta de planificaci\u00f3n har\u00e1 que todo se convierta en un \u00abcaos\u00bb, por ello tenemos que ver las diferentes opciones que hay para plantear el verano.<\/p>\n<p>\u00bfTenemos abuelos para ayudar? \u00bfHemos planteado campamentos de verano? \u00bfTenemos horario laboral de verano compatible con nuestra vida familiar? \u00bfPodemos teletrabajar en verano? Es fundamental que busquemos el <strong>equilibrio entra familia y trabajo<\/strong>, buscando actividades en las que los ni\u00f1os disfruten y est\u00e9n distra\u00eddos, pero que tambi\u00e9n se pueda disfrutar en conjunto como familia.<\/p>\n<p>El buen tiempo permite que podamos hacer <strong>actividades al aire libre<\/strong> y si por ejemplo tenemos jornada intensiva de verano, \u00bfPor qu\u00e9 no ir a la piscina con ellos por la tarde? Uno de los objetivos es que no tengamos a nuestros hijos atrapados con el m\u00f3vil todo el verano, <span style=\"color: #ff9900;\"><strong>\u00a1No lo permitas!<\/strong><\/span><\/p>\n<p>Lo peor que podemos hacer es dejar que ocupen su tiempo con una <strong>pantalla digital<\/strong>, lo primero por qu\u00e9 no se van a mover del sof\u00e1, segundo que no van a sociabilizar en persona con familiares y amigos, y tercero&#8230; <span style=\"color: #ff9900;\"><strong>\u00a1Es verano y hay que salir a la calle!<\/strong><\/span><\/p>\n<p>Por cierto, <strong>un error que cometemos habitualmente<\/strong>. Si prohibimos a nuestros hijos usar el m\u00f3vil, pero nosotros lo hacemos constantemente&#8230; <strong><span style=\"color: #ff9900;\">\u00a1No vamos a conseguir nada!<\/span> <\/strong>Predica con el ejemplo y deja una serie de horas al d\u00eda en las que los dispositivos m\u00f3viles est\u00e1n prohibidos.<\/p>\n<p>Busca la forma de poder reorganizar la casa para que <strong>familia y trabajo sean compatibles<\/strong>, las rutinas y obligaciones se puedan llevar a cabo con normalidad, y que adem\u00e1s se pueda pasar un verano en familia en el que mayores y peque\u00f1os disfruten conjuntamente.<\/p>\n<p><a href=\"https:\/\/www.galletaspolen.com\/en\/\"><img decoding=\"async\" class=\"wd-lazy-fade size-full wp-image-11642 aligncenter\" src=\"https:\/\/www.galletaspolen.com\/wp-content\/themes\/woodmart\/images\/lazy.svg\" data-src=\"https:\/\/www.galletaspolen.com\/wp-content\/uploads\/2018\/01\/la-tienda-de-galletas.png\" alt=\"The biscuit shop\" width=\"210\" height=\"146\" srcset=\"\" data-srcset=\"https:\/\/www.galletaspolen.com\/wp-content\/uploads\/2018\/01\/la-tienda-de-galletas.png 210w, https:\/\/www.galletaspolen.com\/wp-content\/uploads\/2018\/01\/la-tienda-de-galletas-150x104.png 150w\" sizes=\"(max-width: 210px) 100vw, 210px\" \/><\/a><\/p>","protected":false},"excerpt":{"rendered":"<p>Ha llegado el momento, el fin de curso es el pistoletazo de salida al verano, colegios y universidades paran las<\/p>","protected":false},"author":28,"featured_media":13779,"comment_status":"open","ping_status":"open","sticky":false,"template":"","format":"standard","meta":{"footnotes":""},"categories":[200],"tags":[357,356,358,211],"class_list":["post-13778","post","type-post","status-publish","format-standard","has-post-thumbnail","hentry","category-rutinas","tag-colegios","tag-fin-de-curso","tag-universidades","tag-verano"],"yoast_head":"<!-- This site is optimized with the Yoast SEO plugin v26.0 - https:\/\/yoast.com\/wordpress\/plugins\/seo\/ -->\n<title>Fin de curso, \u00bfC\u00f3mo organizar el verano sin clases?<\/title>\n<meta name=\"description\" content=\"El fin de curso es el pistoletazo de salida al verano, colegios y universidades paran las clases y los m\u00e1s j\u00f3venes se preparan para disfrutar del verano.\" \/>\n<meta name=\"robots\" content=\"index, follow, max-snippet:-1, max-image-preview:large, max-video-preview:-1\" \/>\n<link rel=\"canonical\" href=\"https:\/\/www.galletaspolen.com\/en\/end-of-the-school-year\/\" \/>\n<meta property=\"og:locale\" content=\"en_GB\" \/>\n<meta property=\"og:type\" content=\"article\" \/>\n<meta property=\"og:title\" content=\"Fin de curso, \u00bfC\u00f3mo organizar el verano sin clases?\" \/>\n<meta property=\"og:description\" content=\"El fin de curso es el pistoletazo de salida al verano, colegios y universidades paran las clases y los m\u00e1s j\u00f3venes se preparan para disfrutar del verano.\" \/>\n<meta property=\"og:url\" content=\"https:\/\/www.galletaspolen.com\/en\/end-of-the-school-year\/\" \/>\n<meta property=\"og:site_name\" content=\"Galletas Polen\" \/>\n<meta property=\"article:published_time\" content=\"2022-06-23T08:09:31+00:00\" \/>\n<meta property=\"og:image\" content=\"https:\/\/www.galletaspolen.com\/wp-content\/uploads\/2022\/06\/fin-de-curso.jpg\" \/>\n\t<meta property=\"og:image:width\" content=\"1920\" \/>\n\t<meta property=\"og:image:height\" content=\"1280\" \/>\n\t<meta property=\"og:image:type\" content=\"image\/jpeg\" \/>\n<meta name=\"author\" content=\"Laura.\" \/>\n<meta name=\"twitter:card\" content=\"summary_large_image\" \/>\n<meta name=\"twitter:label1\" content=\"Written by\" \/>\n\t<meta name=\"twitter:data1\" content=\"Laura.\" \/>\n\t<meta name=\"twitter:label2\" content=\"Estimated reading time\" \/>\n\t<meta name=\"twitter:data2\" content=\"2 minutes\" \/>\n<script type=\"application\/ld+json\" class=\"yoast-schema-graph\">{\"@context\":\"https:\/\/schema.org\",\"@graph\":[{\"@type\":\"WebPage\",\"@id\":\"https:\/\/www.galletaspolen.com\/fin-de-curso\/\",\"url\":\"https:\/\/www.galletaspolen.com\/fin-de-curso\/\",\"name\":\"Fin de curso, \u00bfC\u00f3mo organizar el verano sin clases?\",\"isPartOf\":{\"@id\":\"https:\/\/www.galletaspolen.com\/#website\"},\"primaryImageOfPage\":{\"@id\":\"https:\/\/www.galletaspolen.com\/fin-de-curso\/#primaryimage\"},\"image\":{\"@id\":\"https:\/\/www.galletaspolen.com\/fin-de-curso\/#primaryimage\"},\"thumbnailUrl\":\"https:\/\/www.galletaspolen.com\/wp-content\/uploads\/2022\/06\/fin-de-curso.jpg\",\"datePublished\":\"2022-06-23T08:09:31+00:00\",\"author\":{\"@id\":\"https:\/\/www.galletaspolen.com\/#\/schema\/person\/51753261d259e330125a253a2c7d896e\"},\"description\":\"El fin de curso es el pistoletazo de salida al verano, colegios y universidades paran las clases y los m\u00e1s j\u00f3venes se preparan para disfrutar del verano.\",\"breadcrumb\":{\"@id\":\"https:\/\/www.galletaspolen.com\/fin-de-curso\/#breadcrumb\"},\"inLanguage\":\"en-GB\",\"potentialAction\":[{\"@type\":\"ReadAction\",\"target\":[\"https:\/\/www.galletaspolen.com\/fin-de-curso\/\"]}]},{\"@type\":\"ImageObject\",\"inLanguage\":\"en-GB\",\"@id\":\"https:\/\/www.galletaspolen.com\/fin-de-curso\/#primaryimage\",\"url\":\"https:\/\/www.galletaspolen.com\/wp-content\/uploads\/2022\/06\/fin-de-curso.jpg\",\"contentUrl\":\"https:\/\/www.galletaspolen.com\/wp-content\/uploads\/2022\/06\/fin-de-curso.jpg\",\"width\":1920,\"height\":1280,\"caption\":\"fin de curso\"},{\"@type\":\"BreadcrumbList\",\"@id\":\"https:\/\/www.galletaspolen.com\/fin-de-curso\/#breadcrumb\",\"itemListElement\":[{\"@type\":\"ListItem\",\"position\":1,\"name\":\"Portada\",\"item\":\"https:\/\/www.galletaspolen.com\/\"},{\"@type\":\"ListItem\",\"position\":2,\"name\":\"Fin de curso, \u00bfC\u00f3mo organizar el verano sin clases?\"}]},{\"@type\":\"WebSite\",\"@id\":\"https:\/\/www.galletaspolen.com\/#website\",\"url\":\"https:\/\/www.galletaspolen.com\/\",\"name\":\"Galletas Polen\",\"description\":\"Productos artesanales y autenticos\",\"potentialAction\":[{\"@type\":\"SearchAction\",\"target\":{\"@type\":\"EntryPoint\",\"urlTemplate\":\"https:\/\/www.galletaspolen.com\/?s={search_term_string}\"},\"query-input\":{\"@type\":\"PropertyValueSpecification\",\"valueRequired\":true,\"valueName\":\"search_term_string\"}}],\"inLanguage\":\"en-GB\"},{\"@type\":\"Person\",\"@id\":\"https:\/\/www.galletaspolen.com\/#\/schema\/person\/51753261d259e330125a253a2c7d896e\",\"name\":\"Laura.\",\"image\":{\"@type\":\"ImageObject\",\"inLanguage\":\"en-GB\",\"@id\":\"https:\/\/www.galletaspolen.com\/#\/schema\/person\/image\/\",\"url\":\"https:\/\/secure.gravatar.com\/avatar\/96da96d87dd7a29ded6cc79233c75936a945decf457c61571ff5f2b82e97e273?s=96&d=mm&r=g\",\"contentUrl\":\"https:\/\/secure.gravatar.com\/avatar\/96da96d87dd7a29ded6cc79233c75936a945decf457c61571ff5f2b82e97e273?s=96&d=mm&r=g\",\"caption\":\"Laura.\"},\"url\":\"https:\/\/www.galletaspolen.com\/en\/author\/nicanor\/\"}]}<\/script>\n<!-- \/ Yoast SEO plugin. -->","yoast_head_json":{"title":"End of term, how to organise the summer without classes?","description":"El fin de curso es el pistoletazo de salida al verano, colegios y universidades paran las clases y los m\u00e1s j\u00f3venes se preparan para disfrutar del verano.","robots":{"index":"index","follow":"follow","max-snippet":"max-snippet:-1","max-image-preview":"max-image-preview:large","max-video-preview":"max-video-preview:-1"},"canonical":"https:\/\/www.galletaspolen.com\/en\/end-of-the-school-year\/","og_locale":"en_GB","og_type":"article","og_title":"Fin de curso, \u00bfC\u00f3mo organizar el verano sin clases?","og_description":"El fin de curso es el pistoletazo de salida al verano, colegios y universidades paran las clases y los m\u00e1s j\u00f3venes se preparan para disfrutar del verano.","og_url":"https:\/\/www.galletaspolen.com\/en\/end-of-the-school-year\/","og_site_name":"Galletas Polen","article_published_time":"2022-06-23T08:09:31+00:00","og_image":[{"width":1920,"height":1280,"url":"https:\/\/www.galletaspolen.com\/wp-content\/uploads\/2022\/06\/fin-de-curso.jpg","type":"image\/jpeg"}],"author":"Laura.","twitter_card":"summary_large_image","twitter_misc":{"Written by":"Laura.","Estimated reading time":"2 minutes"},"schema":{"@context":"https:\/\/schema.org","@graph":[{"@type":"WebPage","@id":"https:\/\/www.galletaspolen.com\/fin-de-curso\/","url":"https:\/\/www.galletaspolen.com\/fin-de-curso\/","name":"End of term, how to organise the summer without classes?","isPartOf":{"@id":"https:\/\/www.galletaspolen.com\/#website"},"primaryImageOfPage":{"@id":"https:\/\/www.galletaspolen.com\/fin-de-curso\/#primaryimage"},"image":{"@id":"https:\/\/www.galletaspolen.com\/fin-de-curso\/#primaryimage"},"thumbnailUrl":"https:\/\/www.galletaspolen.com\/wp-content\/uploads\/2022\/06\/fin-de-curso.jpg","datePublished":"2022-06-23T08:09:31+00:00","author":{"@id":"https:\/\/www.galletaspolen.com\/#\/schema\/person\/51753261d259e330125a253a2c7d896e"},"description":"El fin de curso es el pistoletazo de salida al verano, colegios y universidades paran las clases y los m\u00e1s j\u00f3venes se preparan para disfrutar del verano.","breadcrumb":{"@id":"https:\/\/www.galletaspolen.com\/fin-de-curso\/#breadcrumb"},"inLanguage":"en-GB","potentialAction":[{"@type":"ReadAction","target":["https:\/\/www.galletaspolen.com\/fin-de-curso\/"]}]},{"@type":"ImageObject","inLanguage":"en-GB","@id":"https:\/\/www.galletaspolen.com\/fin-de-curso\/#primaryimage","url":"https:\/\/www.galletaspolen.com\/wp-content\/uploads\/2022\/06\/fin-de-curso.jpg","contentUrl":"https:\/\/www.galletaspolen.com\/wp-content\/uploads\/2022\/06\/fin-de-curso.jpg","width":1920,"height":1280,"caption":"fin de curso"},{"@type":"BreadcrumbList","@id":"https:\/\/www.galletaspolen.com\/fin-de-curso\/#breadcrumb","itemListElement":[{"@type":"ListItem","position":1,"name":"Portada","item":"https:\/\/www.galletaspolen.com\/"},{"@type":"ListItem","position":2,"name":"Fin de curso, \u00bfC\u00f3mo organizar el verano sin clases?"}]},{"@type":"WebSite","@id":"https:\/\/www.galletaspolen.com\/#website","url":"https:\/\/www.galletaspolen.com\/","name":"Polen biscuits","description":"Artisan and authentic products","potentialAction":[{"@type":"SearchAction","target":{"@type":"EntryPoint","urlTemplate":"https:\/\/www.galletaspolen.com\/?s={search_term_string}"},"query-input":{"@type":"PropertyValueSpecification","valueRequired":true,"valueName":"search_term_string"}}],"inLanguage":"en-GB"},{"@type":"Person","@id":"https:\/\/www.galletaspolen.com\/#\/schema\/person\/51753261d259e330125a253a2c7d896e","name":"Laura.","image":{"@type":"ImageObject","inLanguage":"en-GB","@id":"https:\/\/www.galletaspolen.com\/#\/schema\/person\/image\/","url":"https:\/\/secure.gravatar.com\/avatar\/96da96d87dd7a29ded6cc79233c75936a945decf457c61571ff5f2b82e97e273?s=96&d=mm&r=g","contentUrl":"https:\/\/secure.gravatar.com\/avatar\/96da96d87dd7a29ded6cc79233c75936a945decf457c61571ff5f2b82e97e273?s=96&d=mm&r=g","caption":"Laura."},"url":"https:\/\/www.galletaspolen.com\/en\/author\/nicanor\/"}]}},"_links":{"self":[{"href":"https:\/\/www.galletaspolen.com\/en\/wp-json\/wp\/v2\/posts\/13778","targetHints":{"allow":["GET"]}}],"collection":[{"href":"https:\/\/www.galletaspolen.com\/en\/wp-json\/wp\/v2\/posts"}],"about":[{"href":"https:\/\/www.galletaspolen.com\/en\/wp-json\/wp\/v2\/types\/post"}],"author":[{"embeddable":true,"href":"https:\/\/www.galletaspolen.com\/en\/wp-json\/wp\/v2\/users\/28"}],"replies":[{"embeddable":true,"href":"https:\/\/www.galletaspolen.com\/en\/wp-json\/wp\/v2\/comments?post=13778"}],"version-history":[{"count":0,"href":"https:\/\/www.galletaspolen.com\/en\/wp-json\/wp\/v2\/posts\/13778\/revisions"}],"wp:featuredmedia":[{"embeddable":true,"href":"https:\/\/www.galletaspolen.com\/en\/wp-json\/wp\/v2\/media\/13779"}],"wp:attachment":[{"href":"https:\/\/www.galletaspolen.com\/en\/wp-json\/wp\/v2\/media?parent=13778"}],"wp:term":[{"taxonomy":"category","embeddable":true,"href":"https:\/\/www.galletaspolen.com\/en\/wp-json\/wp\/v2\/categories?post=13778"},{"taxonomy":"post_tag","embeddable":true,"href":"https:\/\/www.galletaspolen.com\/en\/wp-json\/wp\/v2\/tags?post=13778"}],"curies":[{"name":"wp","href":"https:\/\/api.w.org\/{rel}","templated":true}]}}